[{"@context":"https:\/\/schema.org\/","@type":"Article","@id":"https:\/\/www.lanna.cz\/nemoci-veku\/#Article","mainEntityOfPage":"https:\/\/www.lanna.cz\/nemoci-veku\/","headline":"Nemoci v\u011bku","name":"Nemoci v\u011bku","description":"Jen\u017ee pak za\u010dne \u010dlov\u011bk st\u00e1rnout a nemoc\u00ed p\u0159ib\u00fdv\u00e1. Za\u010dne bolet p\u00e1te\u0159, svaly, hlava a v\u0161echno ostatn\u00ed. Od pades\u00e1tky v\u00fd\u0161e je to tak u v\u011bt\u0161iny lid\u00ed. A ka\u017ed\u00fd to sn\u00e1\u0161\u00ed jinak. Jeden si toho nev\u0161\u00edm\u00e1 a p\u0159ekon\u00e1v\u00e1 ta, co\u017e ale moc dob\u0159e ned\u011bl\u00e1. Druh\u00fd skuhr\u00e1 a b\u011bh\u00e1 k l\u00e9ka\u0159i i s r\u00fdmo, co\u017e tak\u00e9 nen\u00ed zrovna [&hellip;]","datePublished":"2024-02-13","dateModified":"2024-05-29","author":{"@type":"Person","@id":"https:\/\/www.lanna.cz\/author\/#Person","name":"","url":"https:\/\/www.lanna.cz\/author\/","identifier":1,"image":{"@type":"ImageObject","@id":"https:\/\/secure.gravatar.com\/avatar\/32bc2d377216483c132a3bbf038b8838926e0616f1b3d0e9cb50d997f0b052ba?s=96&d=mm&r=g","url":"https:\/\/secure.gravatar.com\/avatar\/32bc2d377216483c132a3bbf038b8838926e0616f1b3d0e9cb50d997f0b052ba?s=96&d=mm&r=g","height":96,"width":96}},"publisher":{"@type":"Organization","name":"lanna.cz","logo":{"@type":"ImageObject","@id":"\/logo.png","url":"\/logo.png","width":600,"height":60}},"image":{"@type":"ImageObject","@id":"https:\/\/www.lanna.cz\/wp-content\/uploads\/furniture-8152531_640_1.jpg","url":"https:\/\/www.lanna.cz\/wp-content\/uploads\/furniture-8152531_640_1.jpg","height":0,"width":0},"url":"https:\/\/www.lanna.cz\/nemoci-veku\/","about":["V\u00fdrobky"],"wordCount":443,"articleBody":"          Jen\u017ee pak za\u010dne \u010dlov\u011bk st\u00e1rnout a nemoc\u00ed p\u0159ib\u00fdv\u00e1. Za\u010dne bolet p\u00e1te\u0159, svaly, hlava a v\u0161echno ostatn\u00ed. Od pades\u00e1tky v\u00fd\u0161e je to tak u v\u011bt\u0161iny lid\u00ed. A ka\u017ed\u00fd to sn\u00e1\u0161\u00ed jinak. Jeden si toho nev\u0161\u00edm\u00e1 a p\u0159ekon\u00e1v\u00e1 ta, co\u017e ale moc dob\u0159e ned\u011bl\u00e1. Druh\u00fd skuhr\u00e1 a b\u011bh\u00e1 k l\u00e9ka\u0159i i s r\u00fdmo, co\u017e tak\u00e9 nen\u00ed zrovna dobr\u00e9? Jen\u017ee v tomto v\u011bku dostat r\u00fdmu m\u016f\u017ee znamenat cokoli. Je sice pravda, \u017ee se spoustou nemoc\u00ed jsem, dok\u00e1zali zato\u010dit, a to velmi efektivn\u011b. Tak\u017ee pokud je nemoc odhalena v\u010das, nem\u00e1 moc \u0161anc\u00ed \u010dlov\u011bka \u00fapln\u011b odrovnat. M\u00edn\u011bno t\u00edm po fyzick\u00e9 str\u00e1nce. Po t\u00e9 psychick\u00e9 u\u017e to pro nemoc mnohem snaz\u0161\u00ed. Zvl\u00e1\u0161t\u011b pokud se p\u0159ipl\u00ed\u017e\u00ed z\u00e1ke\u0159n\u011b a ne\u010dekan\u011b. Tak jako se se st\u00e1v\u00e1 p\u00e1n\u016fm po pades\u00e1t\u00e9m p\u00e1t\u00e9m roku. Ti jsou st\u00e1le je\u0161t\u011b p\u0159i s\u00edle, nemaj\u00ed v\u00fdrazn\u011bj\u0161\u00ed pot\u00ed\u017ee a nec\u00edt\u00ed se v\u016fbec na odpis. Proto je tot\u00e1ln\u011b rozhod\u00ed, kdy\u017e v lo\u017enici nepodaj\u00ed v\u00fdkon, na kter\u00fd jsou s partnerkou zvykl\u00ed. A stane se to jednou ka\u017ed\u00e9mu. N\u011bkomu d\u0159\u00edve, jin\u00e9mu pozd\u011bji, ale stane se to. A to je pro mu\u017ee to nejhor\u0161\u00ed, proto\u017ee nev\u00ed, co si o tom m\u00e1 myslet. A kdy\u017e se to pak opakuje, vznik\u00e1 pro n\u011bj ne\u0159e\u0161iteln\u00fd probl\u00e9m. Absolutn\u011b nepo\u010d\u00edt\u00e1 s t\u00edm, \u017ee by vyhledal l\u00e9ka\u0159e. To jej ani nenapadne. Dr\u017e\u00ed to v sob\u011b a ne\u0159\u00edk\u00e1 nic ani partnerce, kter\u00e1 to stejn\u011b poznala, ne \u017ee ne. Jen\u017ee co si m\u00e1 myslet, kdy\u017e o tom mu\u017e nemluv\u00ed a v lo\u017enici uh\u00fdb\u00e1 a nejrad\u0161i by tam snad ani nevstoupil, kdyby nemusel sp\u00e1t. \u017dena si tedy m\u016f\u017ee klidn\u011b myslet, \u017ee m\u00e1 jinou. P\u00e1nov\u00e9, ml\u010den\u00ed nen\u00ed v tomto p\u0159\u00edpad\u011b v\u016fbec nam\u00edst\u011b a kdy\u017e u\u017e se styd\u00edte p\u0159ed l\u00e9ka\u0159em, netahejte do toho tak\u00e9 partnerku. Vysv\u011btlete j\u00ed situaci a co je to erektiln\u00ed dysfunkce. Moudr\u00e1 \u017eena to pochop\u00ed, na l\u00e9ka\u0159i nebude trvat a mo\u017en\u00e1 to bude pr\u00e1v\u011b ona, kdo v\u00e1m obstar\u00e1 oral jelly sildenafil. Co\u017e je \u017eel\u00e9 v s\u00e1\u010dku se stejn\u00fdmi \u00fa\u010dinky jako m\u00e1 slavn\u00e1 Viagra. Jen je to o hodn\u011b levn\u011bj\u0161\u00ed a mo\u017en\u00e1 je\u0161t\u011b \u00fa\u010dinn\u011bj\u0161\u00ed. Je jen t\u0159eba m\u00edt odvahu a chu\u0165 cht\u00edt a vyzkou\u0161et to.                                                                                                                                                                                                                                                                                                                                                                                                   "},{"@context":"https:\/\/schema.org\/","@type":"BreadcrumbList","itemListElement":[{"@type":"ListItem","position":1,"name":"Nemoci v\u011bku","item":"https:\/\/www.lanna.cz\/nemoci-veku\/#breadcrumbitem"}]}]