[{"@context":"https:\/\/schema.org\/","@type":"Article","@id":"https:\/\/www.lanna.cz\/plzensky-kraj\/#Article","mainEntityOfPage":"https:\/\/www.lanna.cz\/plzensky-kraj\/","headline":"Plze\u0148sk\u00fd kraj","name":"Plze\u0148sk\u00fd kraj","description":"Tento kraj m\u00e1 pestrou kulturu i zaj\u00edmav\u00e9 tradice. Kraj je zn\u00e1m\u00fd t\u00edm, \u017ee zde byl v\u00fdznamn\u00fd hudebn\u00ed skladatel Bed\u0159ich Smetana narozen\u00fd v Pardubick\u00e9m kraji. D\u00e1le z tohoto kraje poch\u00e1z\u00ed nap\u0159\u00edklad Ji\u0159\u00ed Trnka, kter\u00fd tvo\u0159il kulisy pro Divadlo Spejbla a Hurv\u00ednka. Pozd\u011bji \u017eil ale v Praze, kde pozd\u011bji u\u010dil na vysok\u00e9 \u0161kole jako profesor. Samoz\u0159ejm\u011b se [&hellip;]","datePublished":"2019-07-20","dateModified":"2023-06-09","author":{"@type":"Person","@id":"https:\/\/www.lanna.cz\/author\/#Person","name":"","url":"https:\/\/www.lanna.cz\/author\/","identifier":1,"image":{"@type":"ImageObject","@id":"https:\/\/secure.gravatar.com\/avatar\/32bc2d377216483c132a3bbf038b8838926e0616f1b3d0e9cb50d997f0b052ba?s=96&d=mm&r=g","url":"https:\/\/secure.gravatar.com\/avatar\/32bc2d377216483c132a3bbf038b8838926e0616f1b3d0e9cb50d997f0b052ba?s=96&d=mm&r=g","height":96,"width":96}},"publisher":{"@type":"Organization","name":"lanna.cz","logo":{"@type":"ImageObject","@id":"\/logo.png","url":"\/logo.png","width":600,"height":60}},"image":{"@type":"ImageObject","@id":"https:\/\/www.lanna.cz\/wp-content\/uploads\/img_a350029_w2168_t1564918635.jpg","url":"https:\/\/www.lanna.cz\/wp-content\/uploads\/img_a350029_w2168_t1564918635.jpg","height":0,"width":0},"url":"https:\/\/www.lanna.cz\/plzensky-kraj\/","wordCount":386,"articleBody":"Tento kraj m\u00e1 pestrou kulturu i zaj\u00edmav\u00e9 tradice. Kraj je zn\u00e1m\u00fd t\u00edm, \u017ee zde byl v\u00fdznamn\u00fd hudebn\u00ed skladatel Bed\u0159ich Smetana narozen\u00fd v Pardubick\u00e9m kraji. D\u00e1le z tohoto kraje poch\u00e1z\u00ed nap\u0159\u00edklad Ji\u0159\u00ed Trnka, kter\u00fd tvo\u0159il kulisy pro Divadlo Spejbla a Hurv\u00ednka. Pozd\u011bji \u017eil ale v Praze, kde pozd\u011bji u\u010dil na vysok\u00e9 \u0161kole jako profesor. Samoz\u0159ejm\u011b se zde narodilo i n\u011bkolik dal\u0161\u00edch slavn\u00fdch osobnost\u00ed, kter\u00e9 si p\u0159i n\u00e1v\u0161t\u011bv\u011b tohoto kraje m\u016f\u017eete prohl\u00e9dnout. Divadlo Josefa Kajet\u00e1na Tyla Je to hlavn\u00ed divadlo v Plze\u0148sk\u00e9m kraji. Jeho celkov\u00e1 kapacita je symbolick\u00fdch 444 m\u00edst. Rozkl\u00e1d\u00e1 se na t\u0159i \u010d\u00e1sti, a to Velk\u00e9 divadlo, Nov\u00e9 divadlo a Malou sc\u00e9nu. Pokud m\u00e1te r\u00e1di divadlo obecn\u011b, tak ur\u010dit\u011b nezapome\u0148te nav\u0161t\u00edvit i tohle. Velk\u00e9 divadlo bylo vystaveno roku 1902 a jej\u00ed podobu navrhl architekt Anton\u00edn Bal\u0161\u00e1nek. Folklorn\u00ed festival Ned\u00e1vno prob\u011bhl 23 mezin\u00e1rodn\u00ed folklorn\u00ed festival CIOFF Plze\u0148, kde zahraje lidov\u00e1 hudba, P\u0159edstav\u00ed se barevn\u00e9 kroje a zatan\u010d\u00ed se. Leto\u0161n\u00edm ro\u010dn\u00edkem se speci\u00e1ln\u011b z\u00fa\u010dastnila i plze\u0148sk\u00e1 \u010dtvr\u0165 Doubravka. Jarmarky Tradi\u010dn\u011b ka\u017ed\u00e9 Velikonoce se zde po\u0159\u00e1daj\u00ed Velikono\u010dn\u00ed trhy a jarmarky. P\u0159edstav\u00ed se zde uk\u00e1zka tradi\u010dn\u00edch \u0159emesel a produkt\u016f. Jako na ka\u017ed\u00e9m jarmarku si tu m\u016f\u017eete koupit symbolick\u00fd v\u00fdrobek. A kdy\u017e mluv\u00edme o Velikono\u010dn\u00edm jarmarku, tak je to nap\u0159\u00edklad malovan\u00e9 vejce. Den pozemn\u00edho vojska Ka\u017edoro\u010dn\u011b zde prob\u00edh\u00e1 den pozemn\u00edho vojska-Bahna u Stra\u0161ic. Tato akce je zaj\u00edmav\u00e1 pro milovn\u00edky a nad\u0161ence pro vojenskou techniku, proto\u017ee se na tomto m\u00edst\u011b p\u0159edstav\u00ed nejen vojensk\u00e1 technika, ale i uk\u00e1zky okam\u017eik\u016f nap\u0159\u00edklad z prvn\u00ed sv\u011btov\u00e9 v\u00e1lky. Na v\u0161echny tyto historick\u00e9 vozy a\u0165 u\u017e kolov\u00e1 nebo p\u00e1sov\u00e1 se m\u016f\u017eete zajet pod\u00edvat do Muzea na demarka\u010dn\u00ed linii v Rokycanech. N\u00e1v\u0161t\u011bva stoj\u00ed opravdu za to, proto\u017ee je to nejv\u011bt\u0161\u00ed nest\u00e1tn\u00ed muzeum u n\u00e1s, kter\u00e9 se specializuje na t\u011b\u017ekou bojovou techniku \u010ceskoslovensk\u00e9 arm\u00e1dy. Za vstupn\u00e9 utrat\u00edte jen 90 K\u010d a za d\u00edt\u011b 50 K\u010d.                                                                                                                                                                                                                                                                                                                                                                                                "},{"@context":"https:\/\/schema.org\/","@type":"BreadcrumbList","itemListElement":[{"@type":"ListItem","position":1,"name":"Plze\u0148sk\u00fd kraj","item":"https:\/\/www.lanna.cz\/plzensky-kraj\/#breadcrumbitem"}]}]